{"id":2332,"date":"2017-09-12T12:47:59","date_gmt":"2017-09-12T12:47:59","guid":{"rendered":"http:\/\/silbenbilder.ch\/?p=2332"},"modified":"2017-09-12T12:54:51","modified_gmt":"2017-09-12T12:54:51","slug":"ausstellung-buchdruckerspuren","status":"publish","type":"post","link":"http:\/\/silbenbilder.ch\/index.php\/2017\/09\/12\/ausstellung-buchdruckerspuren\/","title":{"rendered":"Ausstellung &#8222;BuchDruckerSpuren&#8220;"},"content":{"rendered":"<h3>\u00abBuchDruckerSpuren\u00bb<\/h3>\n<p>Seit Urzeiten setzen die Larven des Buchdruckers und anderer Borkenk\u00e4fer Schriftzeichen ins Holz. Christian Kaiser ist ihren G\u00e4ngen nachgegangen, in Bild und Wort.<\/p>\n<p>In der Galerie Gleis 2 in Uster zeigt er erstmals die Original-Hand-Drucke f\u00fcr seinen Lyrikband \u00abBorkenK\u00e4ferFrassSpuren\u00bb. Zudem werden auch seine \u00abSilbenBilder\u00bb zu sehen sein: Wortbild-kreaturen, in denen das Wort Bild wird und das Bild zu Wort kommt.<\/p>\n<p style=\"text-align: center;\"><strong>Ausstellungs-Vernissage:<\/strong> Freitag,<br \/>\n15. September, 18 Uhr (mit Konzert)<\/p>\n<p style=\"text-align: center;\"><strong>Buchvernissage:<\/strong> Sonntag, 24. September, 16 Uhr<br \/>\n(mit Lesung aus BorkenK\u00e4ferFrassSpuren)<\/p>\n<p style=\"text-align: center;\"><strong>Finissage:<\/strong> Freitag, 29. September, 19 Uhr<br \/>\n(mit Lesung von Unver\u00f6ffentlichtem)<\/p>\n<p style=\"text-align: center;\"><em>\u00dcbrige \u00d6ffnungszeiten (16. bis 29.September):<\/em><br \/>\nMi. &#8211; Fr.: 16.30 &#8211; 20.30 Uhr<br \/>\nSa. + So.: 11.00 bis 17.00 Uhr<\/p>\n<p style=\"text-align: center;\"><a href=\"http:\/\/silbenbilder.ch\/index.php\/2017\/09\/12\/ausstellung-buchdruckerspuren\/\">Mehr zum Buch &#8222;BorkenK\u00e4ferFrassSpuren&#8220; <\/a><\/p>\n<div id='gallery-1' class='gallery galleryid-2332 gallery-columns-5 gallery-size-thumbnail'><figure class='gallery-item'>\n\t\t\t<div class='gallery-icon portrait'>\n\t\t\t\t<a href='http:\/\/silbenbilder.ch\/wp-content\/uploads\/2017\/09\/Kaiser_Borkenkaefer.jpeg'><img width=\"150\" height=\"150\" src=\"http:\/\/silbenbilder.ch\/wp-content\/uploads\/2017\/09\/Kaiser_Borkenkaefer-150x150.jpeg\" class=\"attachment-thumbnail size-thumbnail\" alt=\"Buch Borkenk\u00e4ferfrassspuren\" loading=\"lazy\" \/><\/a>\n\t\t\t<\/div><\/figure><figure class='gallery-item'>\n\t\t\t<div class='gallery-icon portrait'>\n\t\t\t\t<a href='http:\/\/silbenbilder.ch\/wp-content\/uploads\/2017\/09\/Borkenkaefer-Postkarte-Vorderseite.jpg'><img width=\"150\" height=\"150\" src=\"http:\/\/silbenbilder.ch\/wp-content\/uploads\/2017\/09\/Borkenkaefer-Postkarte-Vorderseite-150x150.jpg\" class=\"attachment-thumbnail size-thumbnail\" alt=\"Borkenk\u00e4fer\" loading=\"lazy\" \/><\/a>\n\t\t\t<\/div><\/figure><figure class='gallery-item'>\n\t\t\t<div class='gallery-icon portrait'>\n\t\t\t\t<a href='http:\/\/silbenbilder.ch\/wp-content\/uploads\/2017\/09\/Lebenswanderkarte-aus-BKF.jpg'><img width=\"150\" height=\"150\" src=\"http:\/\/silbenbilder.ch\/wp-content\/uploads\/2017\/09\/Lebenswanderkarte-aus-BKF-150x150.jpg\" class=\"attachment-thumbnail size-thumbnail\" alt=\"Lebenswanderkarte aus BKF\" loading=\"lazy\" \/><\/a>\n\t\t\t<\/div><\/figure><figure class='gallery-item'>\n\t\t\t<div class='gallery-icon portrait'>\n\t\t\t\t<a href='http:\/\/silbenbilder.ch\/wp-content\/uploads\/2017\/09\/Hoehlenmaler-aus-BKF.jpg'><img width=\"150\" height=\"150\" src=\"http:\/\/silbenbilder.ch\/wp-content\/uploads\/2017\/09\/Hoehlenmaler-aus-BKF-150x150.jpg\" class=\"attachment-thumbnail size-thumbnail\" alt=\"H\u00f6hlenmaler aus BKF\" loading=\"lazy\" srcset=\"http:\/\/silbenbilder.ch\/wp-content\/uploads\/2017\/09\/Hoehlenmaler-aus-BKF-150x150.jpg 150w, http:\/\/silbenbilder.ch\/wp-content\/uploads\/2017\/09\/Hoehlenmaler-aus-BKF-600x600.jpg 600w\" sizes=\"(max-width: 150px) 100vw, 150px\" \/><\/a>\n\t\t\t<\/div><\/figure><figure class='gallery-item'>\n\t\t\t<div class='gallery-icon landscape'>\n\t\t\t\t<a href='http:\/\/silbenbilder.ch\/wp-content\/uploads\/2017\/09\/dreierlei-Spuren.jpeg'><img width=\"150\" height=\"150\" src=\"http:\/\/silbenbilder.ch\/wp-content\/uploads\/2017\/09\/dreierlei-Spuren-150x150.jpeg\" class=\"attachment-thumbnail size-thumbnail\" alt=\"\" loading=\"lazy\" \/><\/a>\n\t\t\t<\/div><\/figure>\n\t\t<\/div>\n\n","protected":false},"excerpt":{"rendered":"<p>\u00abBuchDruckerSpuren\u00bb Seit Urzeiten setzen die Larven des Buchdruckers und anderer Borkenk\u00e4fer Schriftzeichen ins Holz. Christian Kaiser ist ihren G\u00e4ngen nachgegangen, in Bild und Wort. In der Galerie Gleis 2 in Uster zeigt er erstmals die Original-Hand-Drucke f\u00fcr seinen Lyrikband \u00abBorkenK\u00e4ferFrassSpuren\u00bb. Zudem werden auch seine \u00abSilbenBilder\u00bb zu sehen sein: Wortbild-kreaturen, in denen das Wort Bild wird [&hellip;]<\/p>\n","protected":false},"author":1,"featured_media":2320,"comment_status":"closed","ping_status":"open","sticky":false,"template":"","format":"standard","meta":[],"categories":[1],"tags":[],"_links":{"self":[{"href":"http:\/\/silbenbilder.ch\/index.php\/wp-json\/wp\/v2\/posts\/2332"}],"collection":[{"href":"http:\/\/silbenbilder.ch\/index.php\/wp-json\/wp\/v2\/posts"}],"about":[{"href":"http:\/\/silbenbilder.ch\/index.php\/wp-json\/wp\/v2\/types\/post"}],"author":[{"embeddable":true,"href":"http:\/\/silbenbilder.ch\/index.php\/wp-json\/wp\/v2\/users\/1"}],"replies":[{"embeddable":true,"href":"http:\/\/silbenbilder.ch\/index.php\/wp-json\/wp\/v2\/comments?post=2332"}],"version-history":[{"count":3,"href":"http:\/\/silbenbilder.ch\/index.php\/wp-json\/wp\/v2\/posts\/2332\/revisions"}],"predecessor-version":[{"id":2337,"href":"http:\/\/silbenbilder.ch\/index.php\/wp-json\/wp\/v2\/posts\/2332\/revisions\/2337"}],"wp:featuredmedia":[{"embeddable":true,"href":"http:\/\/silbenbilder.ch\/index.php\/wp-json\/wp\/v2\/media\/2320"}],"wp:attachment":[{"href":"http:\/\/silbenbilder.ch\/index.php\/wp-json\/wp\/v2\/media?parent=2332"}],"wp:term":[{"taxonomy":"category","embeddable":true,"href":"http:\/\/silbenbilder.ch\/index.php\/wp-json\/wp\/v2\/categories?post=2332"},{"taxonomy":"post_tag","embeddable":true,"href":"http:\/\/silbenbilder.ch\/index.php\/wp-json\/wp\/v2\/tags?post=2332"}],"curies":[{"name":"wp","href":"https:\/\/api.w.org\/{rel}","templated":true}]}}